{"id":3258,"date":"2024-08-21T13:50:24","date_gmt":"2024-08-21T13:50:24","guid":{"rendered":"https:\/\/adriatictimes.com\/bosna-nema-pare-hrvatska-bez-borbe-ide-na-evropsko-prvenstvo-u-kosarci\/"},"modified":"2024-08-21T13:50:24","modified_gmt":"2024-08-21T13:50:24","slug":"bosna-nema-pare-hrvatska-bez-borbe-ide-na-evropsko-prvenstvo-u-kosarci","status":"publish","type":"post","link":"https:\/\/adriatictimes.com\/sr\/bosna-nema-pare-hrvatska-bez-borbe-ide-na-evropsko-prvenstvo-u-kosarci\/","title":{"rendered":"Bosna nema pare, Hrvatska bez borbe ide na Evropsko prvenstvo u ko\u0161arci?!"},"content":{"rendered":"<p> <br \/>\n<\/p>\n<div id=\"\">\n<h2 class=\"news-description pb-3 pt-1 pt-mb-3\">\n                                KO\u0160ARKA\u0160KA reprezentacija Hrvatske ve\u0107 skoro tri decenije ne zna za penjanje na pobedni\u010dko postolje na nekom od velikih takmi\u010denja, ali bi na\u0161e kom\u0161ije sada mogle da se obraduju jednom uspehu &#8211; i to bez izlaska na teren.                            <\/h2>\n<figure class=\"single-news-lead-img img-placeholder size-16-9\">\n<p>                                    <img decoding=\"async\" m_ext=\"f\" m_id=\"265448\" alt=\"\u0425\u0420\u0412\u0410\u0422\u0418 \u041e\u0412\u041e \u041d\u0418\u0421\u0423 \u041d\u0418 \u0421\u0410\u040a\u0410\u041b\u0418: \u0411\u043e\u0441\u043d\u0430 \u043d\u0435\u043c\u0430 \u043f\u0430\u0440\u0435, \u0425\u0440\u0432\u0430\u0442\u0441\u043a\u0430 \u0431\u0435\u0437 \u0431\u043e\u0440\u0431\u0435 \u0438\u0434\u0435 \u043d\u0430 \u0415\u0432\u0440\u043e\u043f\u0441\u043a\u043e \u043f\u0440\u0432\u0435\u043d\u0441\u0442\u0432\u043e \u0443 \u043a\u043e\u0448\u0430\u0440\u0446\u0438?!\" title=\"\u0425\u0420\u0412\u0410\u0422\u0418 \u041e\u0412\u041e \u041d\u0418\u0421\u0423 \u041d\u0418 \u0421\u0410\u040a\u0410\u041b\u0418: \u0411\u043e\u0441\u043d\u0430 \u043d\u0435\u043c\u0430 \u043f\u0430\u0440\u0435, \u0425\u0440\u0432\u0430\u0442\u0441\u043a\u0430 \u0431\u0435\u0437 \u0431\u043e\u0440\u0431\u0435 \u0438\u0434\u0435 \u043d\u0430 \u0415\u0432\u0440\u043e\u043f\u0441\u043a\u043e \u043f\u0440\u0432\u0435\u043d\u0441\u0442\u0432\u043e \u0443 \u043a\u043e\u0448\u0430\u0440\u0446\u0438?!\" srcset=\"https:\/\/www.novosti.rs\/data\/images\/2022-09-08\/265448_h4_f.jpg?ts=1724084561 906w, https:\/\/www.novosti.rs\/data\/images\/2022-09-08\/265448_h4_fmob.jpg?ts=1724084561 600w, https:\/\/www.novosti.rs\/data\/images\/2022-09-08\/265448_h4_kf.jpg?ts=1724084561 488w, https:\/\/www.novosti.rs\/data\/images\/2022-09-08\/265448_h4_kfmob.jpg?ts=1724084561 380w\" src=\"https:\/\/www.novosti.rs\/data\/images\/2022-09-08\/265448_h4_fmob.jpg\"\/>                                <\/p>\n<p class=\"image-source\">FOTO:&#8230;<\/p>\n<\/figure>\n<\/div>\n<p><br \/>\n<br \/><a href=\"https:\/\/www.novosti.rs\/sport\/kosarka\/1400811\/kosarkaska-reprezentacija-hrvatske-najnovije-vesti-hrvatska-bosna-hercegovina-kosarka-problem-eurobasket-2025-srbija-kvalifikacije-raspored-utakmica-tabela-sistem-takmicenja\">\u0418\u0437\u0432\u043e\u0440<\/a><\/p>\n","protected":false},"excerpt":{"rendered":"<p>KO\u0160ARKA\u0160KA reprezentacija Hrvatske ve\u0107 skoro tri decenije ne zna za penjanje na pobedni\u010dko postolje na nekom od velikih takmi\u010denja, ali bi na\u0161e kom\u0161ije sada mogle da se obraduju jednom uspehu &#8211; i to bez izlaska na teren. FOTO:&#8230; \u0418\u0437\u0432\u043e\u0440<\/p>\n","protected":false},"author":1,"featured_media":0,"comment_status":"open","ping_status":"open","sticky":false,"template":"","format":"standard","meta":{"footnotes":""},"categories":[12,10,107,102],"tags":[],"class_list":{"0":"post-3258","1":"post","2":"type-post","3":"status-publish","4":"format-standard","6":"category-croatia","7":"category-technology","8":"category-technology-sr","9":"category-croatia-sr"},"_links":{"self":[{"href":"https:\/\/adriatictimes.com\/sr\/wp-json\/wp\/v2\/posts\/3258","targetHints":{"allow":["GET"]}}],"collection":[{"href":"https:\/\/adriatictimes.com\/sr\/wp-json\/wp\/v2\/posts"}],"about":[{"href":"https:\/\/adriatictimes.com\/sr\/wp-json\/wp\/v2\/types\/post"}],"author":[{"embeddable":true,"href":"https:\/\/adriatictimes.com\/sr\/wp-json\/wp\/v2\/users\/1"}],"replies":[{"embeddable":true,"href":"https:\/\/adriatictimes.com\/sr\/wp-json\/wp\/v2\/comments?post=3258"}],"version-history":[{"count":0,"href":"https:\/\/adriatictimes.com\/sr\/wp-json\/wp\/v2\/posts\/3258\/revisions"}],"wp:attachment":[{"href":"https:\/\/adriatictimes.com\/sr\/wp-json\/wp\/v2\/media?parent=3258"}],"wp:term":[{"taxonomy":"category","embeddable":true,"href":"https:\/\/adriatictimes.com\/sr\/wp-json\/wp\/v2\/categories?post=3258"},{"taxonomy":"post_tag","embeddable":true,"href":"https:\/\/adriatictimes.com\/sr\/wp-json\/wp\/v2\/tags?post=3258"}],"curies":[{"name":"wp","href":"https:\/\/api.w.org\/{rel}","templated":true}]}}