{"id":3266,"date":"2024-08-21T15:11:31","date_gmt":"2024-08-21T15:11:31","guid":{"rendered":"https:\/\/adriatictimes.com\/od-srbije-za-uefa-otkriveno-sta-je-fss-uradio-posle-sramnih-desavanja-na-mecu-hrvatska\/"},"modified":"2024-08-21T15:11:31","modified_gmt":"2024-08-21T15:11:31","slug":"od-srbije-za-uefa-otkriveno-sta-je-fss-uradio-posle-sramnih-desavanja-na-mecu-hrvatska","status":"publish","type":"post","link":"https:\/\/adriatictimes.com\/sr\/od-srbije-za-uefa-otkriveno-sta-je-fss-uradio-posle-sramnih-desavanja-na-mecu-hrvatska\/","title":{"rendered":"OD SRBIJE ZA UEFA: Otkriveno \u0161ta je FSS uradio posle sramnih de\u0161avanja na me\u010du Hrvatska"},"content":{"rendered":"<p> <br \/>\n<\/p>\n<div id=\"\">\n<h2 class=\"news-description pb-3 pt-1 pt-mb-3\">\n                                Povodom sramnog zajedni\u010dkog skandiranja navija\u010da na me\u010du izme\u0111u Hrvatske i Albanije, FS Srbije uputio je dopis Teodoru Teodoridisu, generalnom sekretaru UEFA.                            <\/h2>\n<figure class=\"single-news-lead-img img-placeholder size-16-9\">\n<p>                                    <img decoding=\"async\" m_ext=\"f\" m_id=\"497230\" alt=\"\u041e\u0414 \u0421\u0420\u0411\u0418\u0408\u0415 \u0417\u0410 \u0423\u0415\u0424\u0410: \u041e\u0442\u043a\u0440\u0438\u0432\u0435\u043d\u043e \u0448\u0442\u0430 \u0458\u0435 \u0424\u0421\u0421 \u0443\u0440\u0430\u0434\u0438\u043e \u043f\u043e\u0441\u043b\u0435 \u0441\u0440\u0430\u043c\u043d\u0438\u0445 \u0434\u0435\u0448\u0430\u0432\u0430\u045a\u0430 \u043d\u0430 \u043c\u0435\u0447\u0443 \u0425\u0440\u0432\u0430\u0442\u0441\u043a\u0430 - \u0410\u043b\u0431\u0430\u043d\u0438\u0458\u0430\" title=\"\u041e\u0414 \u0421\u0420\u0411\u0418\u0408\u0415 \u0417\u0410 \u0423\u0415\u0424\u0410: \u041e\u0442\u043a\u0440\u0438\u0432\u0435\u043d\u043e \u0448\u0442\u0430 \u0458\u0435 \u0424\u0421\u0421 \u0443\u0440\u0430\u0434\u0438\u043e \u043f\u043e\u0441\u043b\u0435 \u0441\u0440\u0430\u043c\u043d\u0438\u0445 \u0434\u0435\u0448\u0430\u0432\u0430\u045a\u0430 \u043d\u0430 \u043c\u0435\u0447\u0443 \u0425\u0440\u0432\u0430\u0442\u0441\u043a\u0430 - \u0410\u043b\u0431\u0430\u043d\u0438\u0458\u0430\" srcset=\"https:\/\/www.novosti.rs\/data\/images\/2024-06-17\/497230_tan2024-06-1621092568-1_f.jpg?ts=1718901546 906w, https:\/\/www.novosti.rs\/data\/images\/2024-06-17\/497230_tan2024-06-1621092568-1_fmob.jpg?ts=1718901546 600w, https:\/\/www.novosti.rs\/data\/images\/2024-06-17\/497230_tan2024-06-1621092568-1_kf.jpg?ts=1718901546 488w, https:\/\/www.novosti.rs\/data\/images\/2024-06-17\/497230_tan2024-06-1621092568-1_kfmob.jpg?ts=1718901546 380w\" src=\"https:\/\/www.novosti.rs\/data\/images\/2024-06-17\/497230_tan2024-06-1621092568-1_fmob.jpg\"\/>                                <\/p>\n<p class=\"image-source\">FOTO: Tanjug\/AP<\/p>\n<p>                                                               &#8230;<\/figure>\n<\/div>\n<p><br \/>\n<br \/><a href=\"https:\/\/www.novosti.rs\/sport\/euro-2024\/1380323\/fudbalski-savez-srbije-fudbalska-reprezentacija-srbija-hrvatska-albanija-fss-uputio-protestno-pismo-uefa-evropsko-prvenstvo-euro-2024\">\u0418\u0437\u0432\u043e\u0440<\/a><\/p>\n","protected":false},"excerpt":{"rendered":"<p>Povodom sramnog zajedni\u010dkog skandiranja navija\u010da na me\u010du izme\u0111u Hrvatske i Albanije, FS Srbije uputio je dopis Teodoru Teodoridisu, generalnom sekretaru UEFA. FOTO: Tanjug\/AP &#8230; \u0418\u0437\u0432\u043e\u0440<\/p>\n","protected":false},"author":1,"featured_media":0,"comment_status":"open","ping_status":"open","sticky":false,"template":"","format":"standard","meta":{"footnotes":""},"categories":[6,10,99,107],"tags":[],"class_list":{"0":"post-3266","1":"post","2":"type-post","3":"status-publish","4":"format-standard","6":"category-albania","7":"category-technology","8":"category-albania-sr","9":"category-technology-sr"},"_links":{"self":[{"href":"https:\/\/adriatictimes.com\/sr\/wp-json\/wp\/v2\/posts\/3266","targetHints":{"allow":["GET"]}}],"collection":[{"href":"https:\/\/adriatictimes.com\/sr\/wp-json\/wp\/v2\/posts"}],"about":[{"href":"https:\/\/adriatictimes.com\/sr\/wp-json\/wp\/v2\/types\/post"}],"author":[{"embeddable":true,"href":"https:\/\/adriatictimes.com\/sr\/wp-json\/wp\/v2\/users\/1"}],"replies":[{"embeddable":true,"href":"https:\/\/adriatictimes.com\/sr\/wp-json\/wp\/v2\/comments?post=3266"}],"version-history":[{"count":0,"href":"https:\/\/adriatictimes.com\/sr\/wp-json\/wp\/v2\/posts\/3266\/revisions"}],"wp:attachment":[{"href":"https:\/\/adriatictimes.com\/sr\/wp-json\/wp\/v2\/media?parent=3266"}],"wp:term":[{"taxonomy":"category","embeddable":true,"href":"https:\/\/adriatictimes.com\/sr\/wp-json\/wp\/v2\/categories?post=3266"},{"taxonomy":"post_tag","embeddable":true,"href":"https:\/\/adriatictimes.com\/sr\/wp-json\/wp\/v2\/tags?post=3266"}],"curies":[{"name":"wp","href":"https:\/\/api.w.org\/{rel}","templated":true}]}}