{"id":3436,"date":"2024-08-28T11:50:09","date_gmt":"2024-08-28T11:50:09","guid":{"rendered":"https:\/\/adriatictimes.com\/montenegro-airlines-je-platio-ceh-loseg-upravljanja-i-politickog-zaposljavanja-bankar-me\/"},"modified":"2024-08-28T11:50:09","modified_gmt":"2024-08-28T11:50:09","slug":"montenegro-airlines-je-platio-ceh-loseg-upravljanja-i-politickog-zaposljavanja-bankar-me","status":"publish","type":"post","link":"https:\/\/adriatictimes.com\/sr\/montenegro-airlines-je-platio-ceh-loseg-upravljanja-i-politickog-zaposljavanja-bankar-me\/","title":{"rendered":"Montenegro Airlines je platio ceh lo\u0161eg upravljanja i politi\u010dkog zapo\u0161ljavanja \u2013 Bankar.me"},"content":{"rendered":"<p> <br \/>\n<\/p>\n<div itemprop=\"articleBody\">\n<div class=\"code-block code-block-12\" style=\"margin: 8px auto; text-align: center; display: block; clear: both;\">\n<a href=\"https:\/\/www.nlb.me\/me\/stanovnistvo\/opste\/klikvantura-na-tajlandu\" target=\"_blank\" rel=\"noopener\"><img decoding=\"async\" src=\"https:\/\/bankar.me\/wp-content\/uploads\/2024\/08\/Staticni-baneril-650x150px.png\"\/><\/a><\/div>\n<div class=\"code-block code-block-4\" style=\"margin: 8px auto; text-align: center; display: block; clear: both;\">\n<a href=\"https:\/\/www.hipotekarnabanka.com\/stanovnistvo\/krediti\/xl-kreditni-paket-do-20-000-eur\" target=\"_blank\" rel=\"noopener\"><img decoding=\"async\" src=\"https:\/\/bankar.me\/wp-content\/uploads\/2024\/06\/HB-BANER-650X150-FONT.png\"\/><\/a><\/div>\n<p>Gostuju\u0107i u Emisiji \u201cArgumenti\u201d na Radio televiziji Crne Gore, Predsjednik Savjeta Agencije za za\u0161titu konkurencije i kontrolu dr\u017eavne pomo\u0107i (u daljem tekstu Agencija), Dragan Damjanovi\u0107, izjavio je slede\u0107e za slu\u010daj Montenegro Airlines-a (MA):<\/p>\n<p>\u201cOdluka tada\u0161nje Vlade da uplati dr\u017eavnu pomo\u0107 nacionalnoj avio kompaniji Montenegro Airlinesu, pokazala se u postupku naknadne kontrole Agencije kao nezakonita i neuskla\u0111ena sa Zakonom o kontroli dr\u017eavne pomo\u0107i. Tada\u0161nji COVID okvir koji je dozvoljavao dodjelu dr\u017eavne pomo\u0107i po benevolentnijim uslovima u odnosu na rigidna&#8230;<\/p>\n<\/div>\n<p><br \/>\n<br \/><a href=\"https:\/\/bankar.me\/2024\/04\/13\/damjanovic-montenegro-airlines-je-platio-ceh-loseg-upravljanja-i-politickog-zaposljavanja\/\">\u0418\u0437\u0432\u043e\u0440<\/a><\/p>\n","protected":false},"excerpt":{"rendered":"<p>Gostuju\u0107i u Emisiji \u201cArgumenti\u201d na Radio televiziji Crne Gore, Predsjednik Savjeta Agencije za za\u0161titu konkurencije i kontrolu dr\u017eavne pomo\u0107i (u daljem tekstu Agencija), Dragan Damjanovi\u0107, izjavio je slede\u0107e za slu\u010daj Montenegro Airlines-a (MA): \u201cOdluka tada\u0161nje Vlade da uplati dr\u017eavnu pomo\u0107 nacionalnoj avio kompaniji Montenegro Airlinesu, pokazala se u postupku naknadne kontrole Agencije kao nezakonita i [&hellip;]<\/p>\n","protected":false},"author":1,"featured_media":0,"comment_status":"open","ping_status":"open","sticky":false,"template":"","format":"standard","meta":{"footnotes":""},"categories":[4,11,108,105],"tags":[],"class_list":{"0":"post-3436","1":"post","2":"type-post","3":"status-publish","4":"format-standard","6":"category-montenegro","7":"category-travel","8":"category-travel-sr","9":"category-montenegro-sr"},"_links":{"self":[{"href":"https:\/\/adriatictimes.com\/sr\/wp-json\/wp\/v2\/posts\/3436","targetHints":{"allow":["GET"]}}],"collection":[{"href":"https:\/\/adriatictimes.com\/sr\/wp-json\/wp\/v2\/posts"}],"about":[{"href":"https:\/\/adriatictimes.com\/sr\/wp-json\/wp\/v2\/types\/post"}],"author":[{"embeddable":true,"href":"https:\/\/adriatictimes.com\/sr\/wp-json\/wp\/v2\/users\/1"}],"replies":[{"embeddable":true,"href":"https:\/\/adriatictimes.com\/sr\/wp-json\/wp\/v2\/comments?post=3436"}],"version-history":[{"count":0,"href":"https:\/\/adriatictimes.com\/sr\/wp-json\/wp\/v2\/posts\/3436\/revisions"}],"wp:attachment":[{"href":"https:\/\/adriatictimes.com\/sr\/wp-json\/wp\/v2\/media?parent=3436"}],"wp:term":[{"taxonomy":"category","embeddable":true,"href":"https:\/\/adriatictimes.com\/sr\/wp-json\/wp\/v2\/categories?post=3436"},{"taxonomy":"post_tag","embeddable":true,"href":"https:\/\/adriatictimes.com\/sr\/wp-json\/wp\/v2\/tags?post=3436"}],"curies":[{"name":"wp","href":"https:\/\/api.w.org\/{rel}","templated":true}]}}